{"id":1713,"date":"2022-02-14T16:31:23","date_gmt":"2022-02-14T15:31:23","guid":{"rendered":"https:\/\/www.veterinairealainmullens.be\/FR\/?p=1713"},"modified":"2022-09-24T11:34:08","modified_gmt":"2022-09-24T09:34:08","slug":"un-peu-de-lecture-pour-mieux-comprendre-nos-chiens","status":"publish","type":"post","link":"https:\/\/www.veterinairealainmullens.be\/FR\/un-peu-de-lecture-pour-mieux-comprendre-nos-chiens\/","title":{"rendered":"Un peu de lecture pour mieux comprendre nos chiens"},"content":{"rendered":"\n<figure class=\"wp-block-image size-large\"><img loading=\"lazy\" width=\"1024\" height=\"683\" src=\"https:\/\/www.veterinairealainmullens.be\/FR\/wp-content\/uploads\/2021\/06\/comportement-1-\u00a9-Alain-Mullens-1024x683.jpg\" alt=\"comportement 1 \u00a9 Alain Mullens\" class=\"wp-image-1691\" srcset=\"https:\/\/www.veterinairealainmullens.be\/FR\/wp-content\/uploads\/2021\/06\/comportement-1-\u00a9-Alain-Mullens-1024x683.jpg 1024w, https:\/\/www.veterinairealainmullens.be\/FR\/wp-content\/uploads\/2021\/06\/comportement-1-\u00a9-Alain-Mullens-300x200.jpg 300w, https:\/\/www.veterinairealainmullens.be\/FR\/wp-content\/uploads\/2021\/06\/comportement-1-\u00a9-Alain-Mullens-768x512.jpg 768w, https:\/\/www.veterinairealainmullens.be\/FR\/wp-content\/uploads\/2021\/06\/comportement-1-\u00a9-Alain-Mullens-1536x1024.jpg 1536w, https:\/\/www.veterinairealainmullens.be\/FR\/wp-content\/uploads\/2021\/06\/comportement-1-\u00a9-Alain-Mullens.jpg 1800w\" sizes=\"(max-width: 1024px) 100vw, 1024px\" \/><\/figure>\n\n\n\n<p>Lors de nos consultations comportementales, il nous arrive souvent de devoir expliquer aux ma\u00eetres comment leur chien communique ses \u00e9motions \u00e0 l\u2019aide de diff\u00e9rentes attitudes et postures corporelles. Ne pas conna\u00eetre ce langage augmente en effet le risque de voir le chien d\u00e9velopper des troubles anxieux face \u00e0 notre incompr\u00e9hension.<\/p>\n\n\n\n<p>Ces troubles pouvant mener \u00e0 des agressions, il nous parait important d\u2019apprendre \u00e0 d\u00e9coder ce langage non verbal. Ceci est encore plus important quand de jeunes enfants sont en pr\u00e9sence du chien (on a tous \u00e9t\u00e9 t\u00e9moins de la sc\u00e8ne tr\u00e8s dangereuse d\u2019un enfant pourchassant un chien retranch\u00e9 sous la table avec une patte avant lev\u00e9e\u2026). Si l\u2019enfant n\u2019a pas \u00e9t\u00e9 sensibilis\u00e9 aux signaux d\u2019anxi\u00e9t\u00e9 (appel\u00e9s signaux d\u2019apaisement) \u00e9mis par le chien, il peut aller trop loin, et se faire mordre. Alors comme il vaut toujours mieux pr\u00e9venir que gu\u00e9rir, nous vous conseillons la lecture de ce <strong>petit livre tr\u00e8s simple et tr\u00e8s pratique :<\/strong> <em>Les signaux d&rsquo;apaisement<\/em> par <strong>Turid RUGAAS<\/strong> aux <em>\u00e9ditions du G\u00e9nie Canin<\/em>.<\/p>\n\n\n\n<p>Vous trouverez \u00e9galement ci-dessous une &#8211;<strong>\u00e9chelle d\u2019agression<\/strong>&#8211; r\u00e9alis\u00e9e et gentiment mise \u00e0 ma disposition par une cons\u0153ur, qui vous aidera \u00e0 <strong>rep\u00e9rer chez votre compagnon les signes de malaise<\/strong> pouvant pr\u00e9c\u00e9der une \u00e9ventuelle agression.\u00a0Il est rare qu\u2019un chien morde sans avoir <em>pr\u00e9venu<\/em>, encore faut-il comprendre ses mises en garde. Nous vous souhaitons une bonne lecture et \u00e0 la lumi\u00e8re de celle-ci, de fructueuses observations de vos chiens, pour encore plus d\u2019harmonie entre vous.<\/p>\n\n\n\n<p><em>Nous sommes \u00e9videmment \u00e0 votre disposition pour toute question ou discussion et nous vous proposons comme exercice d\u2019observer ensemble les attitudes et les messages que votre chien montrera lors de sa prochaine visite au cabinet.<\/em><\/p>\n\n\n\n<figure class=\"wp-block-gallery columns-2 is-cropped\"><ul class=\"blocks-gallery-grid\"><li class=\"blocks-gallery-item\"><figure><a href=\"https:\/\/www.veterinairealainmullens.be\/FR\/wp-content\/uploads\/2022\/02\/Turid-RUGAAS_Les-signaux-d-apaisement.jpg\"><img loading=\"lazy\" width=\"600\" height=\"930\" src=\"https:\/\/www.veterinairealainmullens.be\/FR\/wp-content\/uploads\/2022\/02\/Turid-RUGAAS_Les-signaux-d-apaisement.jpg\" alt=\"Turid RUGAAS Les signaux d apaisement\" data-id=\"1712\" data-full-url=\"https:\/\/www.veterinairealainmullens.be\/FR\/wp-content\/uploads\/2022\/02\/Turid-RUGAAS_Les-signaux-d-apaisement.jpg\" data-link=\"https:\/\/www.veterinairealainmullens.be\/FR\/turid-rugaas_les-signaux-d-apaisement\/\" class=\"wp-image-1712\" srcset=\"https:\/\/www.veterinairealainmullens.be\/FR\/wp-content\/uploads\/2022\/02\/Turid-RUGAAS_Les-signaux-d-apaisement.jpg 600w, https:\/\/www.veterinairealainmullens.be\/FR\/wp-content\/uploads\/2022\/02\/Turid-RUGAAS_Les-signaux-d-apaisement-194x300.jpg 194w\" sizes=\"(max-width: 600px) 100vw, 600px\" \/><\/a><\/figure><\/li><li class=\"blocks-gallery-item\"><figure><a href=\"https:\/\/www.veterinairealainmullens.be\/FR\/wp-content\/uploads\/2022\/02\/Echelle-agression-chien.jpg\"><img loading=\"lazy\" width=\"702\" height=\"1024\" src=\"https:\/\/www.veterinairealainmullens.be\/FR\/wp-content\/uploads\/2022\/02\/Echelle-agression-chien-702x1024.jpg\" alt=\"Echelle agression chien\" data-id=\"1711\" data-full-url=\"https:\/\/www.veterinairealainmullens.be\/FR\/wp-content\/uploads\/2022\/02\/Echelle-agression-chien.jpg\" data-link=\"https:\/\/www.veterinairealainmullens.be\/FR\/echelle-agression-chien\/\" class=\"wp-image-1711\" srcset=\"https:\/\/www.veterinairealainmullens.be\/FR\/wp-content\/uploads\/2022\/02\/Echelle-agression-chien-702x1024.jpg 702w, https:\/\/www.veterinairealainmullens.be\/FR\/wp-content\/uploads\/2022\/02\/Echelle-agression-chien-206x300.jpg 206w, https:\/\/www.veterinairealainmullens.be\/FR\/wp-content\/uploads\/2022\/02\/Echelle-agression-chien-768x1120.jpg 768w, https:\/\/www.veterinairealainmullens.be\/FR\/wp-content\/uploads\/2022\/02\/Echelle-agression-chien-1053x1536.jpg 1053w, https:\/\/www.veterinairealainmullens.be\/FR\/wp-content\/uploads\/2022\/02\/Echelle-agression-chien.jpg 1200w\" sizes=\"(max-width: 702px) 100vw, 702px\" \/><\/a><\/figure><\/li><\/ul><\/figure>\n","protected":false},"excerpt":{"rendered":"<p>Un livre et une \u00e9chelle d&rsquo;agression pour mieux conna\u00eetre le langage corporel et les attitudes de nos chiens&#8230;<\/p>\n","protected":false},"author":1,"featured_media":1691,"comment_status":"closed","ping_status":"closed","sticky":false,"template":"","format":"standard","meta":[],"categories":[40,21,34],"tags":[42],"_links":{"self":[{"href":"https:\/\/www.veterinairealainmullens.be\/FR\/wp-json\/wp\/v2\/posts\/1713"}],"collection":[{"href":"https:\/\/www.veterinairealainmullens.be\/FR\/wp-json\/wp\/v2\/posts"}],"about":[{"href":"https:\/\/www.veterinairealainmullens.be\/FR\/wp-json\/wp\/v2\/types\/post"}],"author":[{"embeddable":true,"href":"https:\/\/www.veterinairealainmullens.be\/FR\/wp-json\/wp\/v2\/users\/1"}],"replies":[{"embeddable":true,"href":"https:\/\/www.veterinairealainmullens.be\/FR\/wp-json\/wp\/v2\/comments?post=1713"}],"version-history":[{"count":7,"href":"https:\/\/www.veterinairealainmullens.be\/FR\/wp-json\/wp\/v2\/posts\/1713\/revisions"}],"predecessor-version":[{"id":1775,"href":"https:\/\/www.veterinairealainmullens.be\/FR\/wp-json\/wp\/v2\/posts\/1713\/revisions\/1775"}],"wp:featuredmedia":[{"embeddable":true,"href":"https:\/\/www.veterinairealainmullens.be\/FR\/wp-json\/wp\/v2\/media\/1691"}],"wp:attachment":[{"href":"https:\/\/www.veterinairealainmullens.be\/FR\/wp-json\/wp\/v2\/media?parent=1713"}],"wp:term":[{"taxonomy":"category","embeddable":true,"href":"https:\/\/www.veterinairealainmullens.be\/FR\/wp-json\/wp\/v2\/categories?post=1713"},{"taxonomy":"post_tag","embeddable":true,"href":"https:\/\/www.veterinairealainmullens.be\/FR\/wp-json\/wp\/v2\/tags?post=1713"}],"curies":[{"name":"wp","href":"https:\/\/api.w.org\/{rel}","templated":true}]}}